{"id":7557,"date":"2013-09-18T20:32:10","date_gmt":"2013-09-18T20:32:10","guid":{"rendered":"https:\/\/skaftfell.is\/laust-i-gestavinnustofum\/"},"modified":"2025-09-10T12:59:30","modified_gmt":"2025-09-10T12:59:30","slug":"laust-i-gestavinnustofum","status":"publish","type":"post","link":"https:\/\/skaftfell.is\/is\/laust-i-gestavinnustofum\/","title":{"rendered":"Laust \u00ed gestavinnustofum"},"content":{"rendered":"<p><a href=\"https:\/\/archive.skaftfell.is\/2013\/04\/artist-talks\/skaftfell_dsc03063-500x375\/\" rel=\"attachment wp-att-4399\"><img decoding=\"async\" class=\"alignnone  wp-image-4399 lazyload\" title=\"Skaftfell_dsc03063-500x375\" data-src=\"https:\/\/skaftfell.is\/wp-content\/smush-webp\/2025\/08\/skaftfell_dsc03063_500x375.jpg.webp\" alt=\"\" width=\"400\" height=\"300\" src=\"data:image\/svg+xml;base64,PHN2ZyB3aWR0aD0iMSIgaGVpZ2h0PSIxIiB4bWxucz0iaHR0cDovL3d3dy53My5vcmcvMjAwMC9zdmciPjwvc3ZnPg==\" style=\"--smush-placeholder-width: 400px; --smush-placeholder-aspect-ratio: 400\/300;\" \/><\/a><\/p>\n<p>Vegna \u00f3v\u00e6ntra forfalla er laust pl\u00e1ss \u00ed gestavinnustofum Skaftfells okt\u00f3ber &#8211; desember 2013.<\/p>\n<p>\u00deeir listamenn sem ekki eru \u00e1 bi\u00f0slista \u00feurfa a\u00f0 senda inn ferilskr\u00e1 og nokkrar myndir af verkum e\u00f0a link \u00e1 heimas\u00ed\u00f0u \u00e1 p\u00f3stfangi\u00f0 <a href=\"mailto:residency@archive.skaftfell.is\" target=\"_blank\">residency@archive.skaftfell.is<\/a>. Vali\u00f0 ver\u00f0ur samkv\u00e6mt \u00feeim forsendum sem gefnar eru upp \u00e1 heimas\u00ed\u00f0u Skaftfells, sj\u00e1 frekari uppl\u00fdsingar \u00e1 <a href=\"https:\/\/skaftfell.is\/is\/image0-e1646648393682\/\" target=\"_blank\">h\u00e9r<\/a>.<\/p>\n<p>Vegna \u00feess hversu stuttur fyrirvarinn er \u00feurfa \u00feeir listamenn sem hafa \u00e1huga a\u00f0 breg\u00f0ast hratt vi\u00f0.<\/p>\n","protected":false},"excerpt":{"rendered":"<p>Vegna \u00f3v\u00e6ntra forfalla er laust pl\u00e1ss \u00ed gestavinnustofum Skaftfells okt\u00f3ber &#8211; desember 2013. \u00deeir listamenn sem ekki eru \u00e1 bi\u00f0slista \u00feurfa a\u00f0 senda inn ferilskr\u00e1 og nokkrar myndir af verkum e\u00f0a link \u00e1 heimas\u00ed\u00f0u \u00e1 p\u00f3stfangi\u00f0 residency@archive.skaftfell.is. Vali\u00f0 ver\u00f0ur samkv\u00e6mt \u00feeim forsendum sem gefnar eru upp \u00e1 heimas\u00ed\u00f0u Skaftfells, sj\u00e1 frekari uppl\u00fdsingar \u00e1 h\u00e9r. Vegna [&hellip;]<\/p>\n","protected":false},"author":1,"featured_media":1373,"comment_status":"open","ping_status":"open","sticky":false,"template":"","format":"standard","meta":{"_acf_changed":false,"wds_primary_category":0,"footnotes":""},"categories":[420],"tags":[],"class_list":["post-7557","post","type-post","status-publish","format-standard","has-post-thumbnail","hentry","category-frettir"],"acf":[],"_links":{"self":[{"href":"https:\/\/skaftfell.is\/is\/wp-json\/wp\/v2\/posts\/7557","targetHints":{"allow":["GET"]}}],"collection":[{"href":"https:\/\/skaftfell.is\/is\/wp-json\/wp\/v2\/posts"}],"about":[{"href":"https:\/\/skaftfell.is\/is\/wp-json\/wp\/v2\/types\/post"}],"author":[{"embeddable":true,"href":"https:\/\/skaftfell.is\/is\/wp-json\/wp\/v2\/users\/1"}],"replies":[{"embeddable":true,"href":"https:\/\/skaftfell.is\/is\/wp-json\/wp\/v2\/comments?post=7557"}],"version-history":[{"count":0,"href":"https:\/\/skaftfell.is\/is\/wp-json\/wp\/v2\/posts\/7557\/revisions"}],"wp:featuredmedia":[{"embeddable":true,"href":"https:\/\/skaftfell.is\/is\/wp-json\/wp\/v2\/media\/1373"}],"wp:attachment":[{"href":"https:\/\/skaftfell.is\/is\/wp-json\/wp\/v2\/media?parent=7557"}],"wp:term":[{"taxonomy":"category","embeddable":true,"href":"https:\/\/skaftfell.is\/is\/wp-json\/wp\/v2\/categories?post=7557"},{"taxonomy":"post_tag","embeddable":true,"href":"https:\/\/skaftfell.is\/is\/wp-json\/wp\/v2\/tags?post=7557"}],"curies":[{"name":"wp","href":"https:\/\/api.w.org\/{rel}","templated":true}]}}