{"id":7567,"date":"2013-10-30T13:19:11","date_gmt":"2013-10-30T13:19:11","guid":{"rendered":"https:\/\/skaftfell.is\/dagur-myndlistar-opnar-vinnustofur\/"},"modified":"2025-09-10T12:59:30","modified_gmt":"2025-09-10T12:59:30","slug":"dagur-myndlistar-opnar-vinnustofur","status":"publish","type":"post","link":"https:\/\/skaftfell.is\/is\/dagur-myndlistar-opnar-vinnustofur\/","title":{"rendered":"Dagur myndlistar \u2013 opnar vinnustofur"},"content":{"rendered":"<p><a href=\"https:\/\/archive.skaftfell.is\/2013\/10\/dagur-myndlistar-opnar-vinnustofur\/dm-2013_kort_72\/\" rel=\"attachment wp-att-5174\"><img decoding=\"async\" class=\"alignnone size-large wp-image-5174 lazyload\" title=\"DM-2013_Kort_72\" data-src=\"https:\/\/skaftfell.is\/wp-content\/smush-webp\/2025\/08\/dm_2013_kort_72.jpg.webp\" alt=\"\" width=\"500\" height=\"344\" src=\"data:image\/svg+xml;base64,PHN2ZyB3aWR0aD0iMSIgaGVpZ2h0PSIxIiB4bWxucz0iaHR0cDovL3d3dy53My5vcmcvMjAwMC9zdmciPjwvc3ZnPg==\" style=\"--smush-placeholder-width: 500px; --smush-placeholder-aspect-ratio: 500\/344;\" \/><\/a><\/p>\n<p>\u00cd tilefni af hinum \u00e1rlega Degi myndlistar opna myndlistarmenn \u00e1 Egilsst\u00f6\u00f0um og Sey\u00f0isfir\u00f0i vinnustofur s\u00ednar fyrir gestum og gangandi. \u00d6llum er velkomi\u00f0 a\u00f0 k\u00edkja \u00ed heims\u00f3kn, sko\u00f0a vinnua\u00f0st\u00f6\u00f0u, r\u00fdna \u00ed verk, spjalla og fr\u00e6\u00f0ast.<\/p>\n<h4>Egilssta\u00f0ir:<\/h4>\n<p style=\"padding-left: 30px;\">\u00d3l\u00f6f Bj\u00f6rk Bragad\u00f3ttir, Sl\u00e1turh\u00fasi\u00f0, Kaupvangi 7<\/p>\n<p style=\"padding-left: 30px;\">\u00cdris Lind S\u00e6varsd\u00f3ttir, Sl\u00e1turh\u00fasi\u00f0, Kaupvangi 7<\/p>\n<h4>Sey\u00f0isfj\u00f6r\u00f0ur:<\/h4>\n<p style=\"padding-left: 30px;\">Gar\u00f0ar Eymundsson, Nor\u00f0urg\u00f6tu 5, 1. h\u00e6\u00f0<\/p>\n<p style=\"padding-left: 30px;\">J\u00f6kull Sn\u00e6r \u00de\u00f3r\u00f0arson, Nor\u00f0urg\u00f6tu 5, 1. h\u00e6\u00f0<\/p>\n<p style=\"padding-left: 30px;\">Konrad Korabiewski, \u00c1rst\u00edgur 6.<br \/>\nHof stud\u00ed\u00f3 og galler\u00ed, til h\u00fasa \u00e1 sama sta\u00f0, er opi\u00f0 l\u00edka.<\/p>\n<p style=\"padding-left: 30px;\">RoShamBo, Hafnarg\u00f6tu 4, 1. h\u00e6\u00f0<\/p>\n<p style=\"text-align: right;\">Sj\u00e1 n\u00e1nar: <a href=\"https:\/\/www.dagurmyndlistar.is\" target=\"_blank\">www.dagurmyndlistar.is<\/a><\/p>\n","protected":false},"excerpt":{"rendered":"<p>\u00cd tilefni af hinum \u00e1rlega Degi myndlistar opna myndlistarmenn \u00e1 Egilsst\u00f6\u00f0um og Sey\u00f0isfir\u00f0i vinnustofur s\u00ednar fyrir gestum og gangandi. \u00d6llum er velkomi\u00f0 a\u00f0 k\u00edkja \u00ed heims\u00f3kn, sko\u00f0a vinnua\u00f0st\u00f6\u00f0u, r\u00fdna \u00ed verk, spjalla og fr\u00e6\u00f0ast. Egilssta\u00f0ir: \u00d3l\u00f6f Bj\u00f6rk Bragad\u00f3ttir, Sl\u00e1turh\u00fasi\u00f0, Kaupvangi 7 \u00cdris Lind S\u00e6varsd\u00f3ttir, Sl\u00e1turh\u00fasi\u00f0, Kaupvangi 7 Sey\u00f0isfj\u00f6r\u00f0ur: Gar\u00f0ar Eymundsson, Nor\u00f0urg\u00f6tu 5, 1. h\u00e6\u00f0 J\u00f6kull [&hellip;]<\/p>\n","protected":false},"author":1,"featured_media":2062,"comment_status":"open","ping_status":"open","sticky":false,"template":"","format":"standard","meta":{"_acf_changed":false,"wds_primary_category":0,"footnotes":""},"categories":[420],"tags":[],"class_list":["post-7567","post","type-post","status-publish","format-standard","has-post-thumbnail","hentry","category-frettir"],"acf":[],"_links":{"self":[{"href":"https:\/\/skaftfell.is\/is\/wp-json\/wp\/v2\/posts\/7567","targetHints":{"allow":["GET"]}}],"collection":[{"href":"https:\/\/skaftfell.is\/is\/wp-json\/wp\/v2\/posts"}],"about":[{"href":"https:\/\/skaftfell.is\/is\/wp-json\/wp\/v2\/types\/post"}],"author":[{"embeddable":true,"href":"https:\/\/skaftfell.is\/is\/wp-json\/wp\/v2\/users\/1"}],"replies":[{"embeddable":true,"href":"https:\/\/skaftfell.is\/is\/wp-json\/wp\/v2\/comments?post=7567"}],"version-history":[{"count":0,"href":"https:\/\/skaftfell.is\/is\/wp-json\/wp\/v2\/posts\/7567\/revisions"}],"wp:featuredmedia":[{"embeddable":true,"href":"https:\/\/skaftfell.is\/is\/wp-json\/wp\/v2\/media\/2062"}],"wp:attachment":[{"href":"https:\/\/skaftfell.is\/is\/wp-json\/wp\/v2\/media?parent=7567"}],"wp:term":[{"taxonomy":"category","embeddable":true,"href":"https:\/\/skaftfell.is\/is\/wp-json\/wp\/v2\/categories?post=7567"},{"taxonomy":"post_tag","embeddable":true,"href":"https:\/\/skaftfell.is\/is\/wp-json\/wp\/v2\/tags?post=7567"}],"curies":[{"name":"wp","href":"https:\/\/api.w.org\/{rel}","templated":true}]}}